{"id":3608,"date":"2024-12-19T16:46:22","date_gmt":"2024-12-19T14:46:22","guid":{"rendered":"https:\/\/www.saveltie.fi\/?p=3608"},"modified":"2024-12-19T17:09:55","modified_gmt":"2024-12-19T15:09:55","slug":"tunnelmia-syyskauden-paatoskonsertista","status":"publish","type":"post","link":"https:\/\/www.saveltie.fi\/en\/blogi\/tunnelmia-syyskauden-paatoskonsertista\/","title":{"rendered":"Highlights from the Autumn Season Finale Concert"},"content":{"rendered":"<div class=\"wp-block-uagb-container uagb-block-7dcb47bf alignfull uagb-is-root-container\"><div class=\"uagb-container-inner-blocks-wrap\">\n<div class=\"wp-block-uagb-container uagb-block-7f950cd5\">\n<p class=\"kt-adv-heading3608_178380-0a wp-block-kadence-advancedheading\" data-kb-block=\"kb-adv-heading3608_178380-0a\">S\u00e4veltie's first autumn season is gradually coming to a close. Along the way, we have welcomed numerous new and eager students and participated in various local events. We are incredibly grateful to everyone who has joined us in our activities this past fall.<\/p>\n\n\n\n<p class=\"kt-adv-heading3608_fced7c-0f wp-block-kadence-advancedheading\" data-kb-block=\"kb-adv-heading3608_fced7c-0f\">We wanted to celebrate the end of our first autumn season by organizing a warm-hearted finale concert on Friday, December 13th. The concert featured performances from our music playgroup, group lesson students, and S\u00e4veltie's teachers. We also offered gl\u00f6gi and gingerbread for the performers and audience. <\/p>\n\n\n\n<p class=\"kt-adv-heading3608_7646a7-96 wp-block-kadence-advancedheading\" data-kb-block=\"kb-adv-heading3608_7646a7-96\">Thank you to everyone who participated in our activities this season, and we look forward to seeing you again in the spring classes! Until then, we wish everyone a Merry and Peaceful Christmas.<\/p>\n<\/div>\n\n\n\n<div class=\"wp-block-uagb-image aligncenter uagb-block-2e2655ec wp-block-uagb-image--layout-default wp-block-uagb-image--effect-static wp-block-uagb-image--align-center\"><figure class=\"wp-block-uagb-image__figure\"><img decoding=\"async\" srcset=\"https:\/\/www.saveltie.fi\/wp-content\/uploads\/2024\/12\/WhatsApp-Image-2024-12-15-at-20.12.20-1024x768.jpeg ,https:\/\/www.saveltie.fi\/wp-content\/uploads\/2024\/12\/WhatsApp-Image-2024-12-15-at-20.12.20-300x225.jpeg 780w, https:\/\/www.saveltie.fi\/wp-content\/uploads\/2024\/12\/WhatsApp-Image-2024-12-15-at-20.12.20.jpeg 360w\" sizes=\"auto, (max-width: 480px) 150px\" src=\"https:\/\/www.saveltie.fi\/wp-content\/uploads\/2024\/12\/WhatsApp-Image-2024-12-15-at-20.12.20-1024x768.jpeg\" alt=\"Musiikkikoulu S\u00e4veltien opettajat esiintym\u00e4ss\u00e4 kauden p\u00e4\u00e4t\u00f6skonsertissa.\" class=\"uag-image-3915\" width=\"1600\" height=\"1200\" title=\"Kauden p\u00e4\u00e4t\u00f6skonsertti 2024\" loading=\"lazy\" role=\"img\"\/><figcaption class=\"uagb-image-caption\"><span style=\"color: #e0d5ac;\" class=\"stk-highlight\"><em>Teachers from S\u00e4veltie Music School performing at the season finale concert. Photo by Sirpa Kivilaakso \/ Nuori Taide Foundation.<\/em><\/span><\/figcaption><\/figure><\/div>\n<\/div><\/div>\n\n\n\n<div class=\"wp-block-uagb-container uagb-block-82a7edc6 alignfull uagb-is-root-container\"><div class=\"uagb-container-inner-blocks-wrap\">\n<p class=\"kt-adv-heading3608_54e451-d0 wp-block-kadence-advancedheading\" data-kb-block=\"kb-adv-heading3608_54e451-d0\">Christmas greetings,<\/p>\n\n\n\n<p class=\"has-text-align-right has-base-2-color has-text-color has-link-color has-signpainter-font-family wp-elements-1e47e8b72c71826b6634bab8aa03eedc\" style=\"margin-top:0;margin-bottom:0;padding-top:0;padding-bottom:0;font-size:clamp(27.894px, 1.743rem + ((1vw - 3.2px) * 2.094), 48px);font-style:normal;font-weight:550;line-height:1.1\">Anna, Eetu, Elizabeth, <\/p>\n\n\n\n<p class=\"has-text-align-right has-base-2-color has-text-color has-link-color has-signpainter-font-family wp-elements-4c54581685172540d3781c240f77396a\" style=\"margin-top:0;margin-bottom:0;font-size:clamp(27.894px, 1.743rem + ((1vw - 3.2px) * 2.094), 48px);font-style:normal;font-weight:550;line-height:1\">Janne ja Mortti<\/p>\n<\/div><\/div>\n\n\n\n<div class=\"wp-block-uagb-image uagb-block-21bd2995 wp-block-uagb-image--layout-default wp-block-uagb-image--effect-static wp-block-uagb-image--align-none\"><figure class=\"wp-block-uagb-image__figure\"><img decoding=\"async\" srcset=\"https:\/\/www.saveltie.fi\/wp-content\/uploads\/2024\/12\/Kauden-paatos-724x1024.png ,https:\/\/www.saveltie.fi\/wp-content\/uploads\/2024\/12\/Kauden-paatos.png 780w, https:\/\/www.saveltie.fi\/wp-content\/uploads\/2024\/12\/Kauden-paatos.png 360w\" sizes=\"auto, (max-width: 480px) 150px\" src=\"https:\/\/www.saveltie.fi\/wp-content\/uploads\/2024\/12\/Kauden-paatos-724x1024.png\" alt=\"\" class=\"uag-image-3932\" width=\"2480\" height=\"3508\" title=\"Kauden p\u00e4\u00e4t\u00f6s\" loading=\"lazy\" role=\"img\"\/><figcaption class=\"uagb-image-caption\"><span style=\"color: #e0d5ac;\" class=\"stk-highlight\">Season Finale Concert Poster.<\/span><\/figcaption><\/figure><\/div>","protected":false},"excerpt":{"rendered":"<p>S\u00e4veltien ensimm\u00e4inen syyskausi l\u00e4henee hiljalleen loppuaan. Matkan varrella olemme saaneet lukuisia uusia ja innokkaita oppilaita sek\u00e4 osallistuneet erilaisiin paikallisiin tapahtumiin. Olemmekin \u00e4\u00e4rimm\u00e4isen kiitollisia kaikille, jotka toimintaamme ovat kuluneen syksyn aikana osallistuneet. Halusimme juhlistaa ensimm\u00e4isen syyskautemme loppumista j\u00e4rjest\u00e4m\u00e4ll\u00e4 l\u00e4mminhenkisen p\u00e4\u00e4t\u00f6skonsertin perjantaina 13.12. Konsertissa kuultiin esityksi\u00e4 niin muskariryhmilt\u00e4, ryhm\u00e4opetuksen oppilailta kuin S\u00e4veltien opettajiltakin. Tarjolla esiintyjille ja yleis\u00f6lle [&hellip;]<\/p>\n","protected":false},"author":2,"featured_media":0,"comment_status":"closed","ping_status":"closed","sticky":false,"template":"","format":"standard","meta":{"content-type":"","_uag_custom_page_level_css":"","_themeisle_gutenberg_block_has_review":false,"footnotes":""},"categories":[15],"tags":[217,156,216,215,157],"class_list":["post-3608","post","type-post","status-publish","format-standard","hentry","category-blogi","tag-harrastus","tag-helsinki","tag-joulu","tag-konsertti","tag-pukinmaki"],"aioseo_notices":[],"mb":[],"uagb_featured_image_src":{"full":false,"thumbnail":false,"medium":false,"medium_large":false,"large":false,"1536x1536":false,"2048x2048":false,"trp-custom-language-flag":false,"qi_blocks_image_size_square":false,"qi_blocks_image_size_landscape":false,"qi_blocks_image_size_portrait":false,"qi_blocks_image_size_huge_square":false},"uagb_author_info":{"display_name":"Eetu H\u00e4m\u00e4l\u00e4inen","author_link":"https:\/\/www.saveltie.fi\/en\/author\/eetuhamalainen\/"},"uagb_comment_info":0,"uagb_excerpt":"S\u00e4veltien ensimm\u00e4inen syyskausi l\u00e4henee hiljalleen loppuaan. Matkan varrella olemme saaneet lukuisia uusia ja innokkaita oppilaita sek\u00e4 osallistuneet erilaisiin paikallisiin tapahtumiin. Olemmekin \u00e4\u00e4rimm\u00e4isen kiitollisia kaikille, jotka toimintaamme ovat kuluneen syksyn aikana osallistuneet. Halusimme juhlistaa ensimm\u00e4isen syyskautemme loppumista j\u00e4rjest\u00e4m\u00e4ll\u00e4 l\u00e4mminhenkisen p\u00e4\u00e4t\u00f6skonsertin perjantaina 13.12. Konsertissa kuultiin esityksi\u00e4 niin muskariryhmilt\u00e4, ryhm\u00e4opetuksen oppilailta kuin S\u00e4veltien opettajiltakin. Tarjolla esiintyjille ja yleis\u00f6lle&hellip;","mfb_rest_fields":["title","aioseo_notices","uagb_featured_image_src","uagb_author_info","uagb_comment_info","uagb_excerpt"],"_links":{"self":[{"href":"https:\/\/www.saveltie.fi\/en\/wp-json\/wp\/v2\/posts\/3608","targetHints":{"allow":["GET"]}}],"collection":[{"href":"https:\/\/www.saveltie.fi\/en\/wp-json\/wp\/v2\/posts"}],"about":[{"href":"https:\/\/www.saveltie.fi\/en\/wp-json\/wp\/v2\/types\/post"}],"author":[{"embeddable":true,"href":"https:\/\/www.saveltie.fi\/en\/wp-json\/wp\/v2\/users\/2"}],"replies":[{"embeddable":true,"href":"https:\/\/www.saveltie.fi\/en\/wp-json\/wp\/v2\/comments?post=3608"}],"version-history":[{"count":5,"href":"https:\/\/www.saveltie.fi\/en\/wp-json\/wp\/v2\/posts\/3608\/revisions"}],"predecessor-version":[{"id":3934,"href":"https:\/\/www.saveltie.fi\/en\/wp-json\/wp\/v2\/posts\/3608\/revisions\/3934"}],"wp:attachment":[{"href":"https:\/\/www.saveltie.fi\/en\/wp-json\/wp\/v2\/media?parent=3608"}],"wp:term":[{"taxonomy":"category","embeddable":true,"href":"https:\/\/www.saveltie.fi\/en\/wp-json\/wp\/v2\/categories?post=3608"},{"taxonomy":"post_tag","embeddable":true,"href":"https:\/\/www.saveltie.fi\/en\/wp-json\/wp\/v2\/tags?post=3608"}],"curies":[{"name":"wp","href":"https:\/\/api.w.org\/{rel}","templated":true}]}}